{"id":5431,"date":"2022-10-27T12:31:15","date_gmt":"2022-10-27T12:31:15","guid":{"rendered":"https:\/\/fundatia-alexandrion.ro\/?p=5431"},"modified":"2022-10-27T14:10:36","modified_gmt":"2022-10-27T14:10:36","slug":"dr-nawaf-salameh-the-first-romanian-invested-archon-of-the-ecumenical-patriarchate","status":"publish","type":"post","link":"https:\/\/fundatia-alexandrion.ro\/en\/dr-nawaf-salameh-the-first-romanian-invested-archon-of-the-ecumenical-patriarchate\/","title":{"rendered":"Dr. Nawaf Salameh, the first Romanian invested Archon of the Ecumenical Patriarchate"},"content":{"rendered":"<div  class=\"fusion-fullwidth fullwidth-box nonhundred-percent-fullwidth\"  style='background-color: rgba(255,255,255,0);background-position: center center;background-repeat: no-repeat;padding-top:20px;padding-right:30px;padding-bottom:20px;padding-left:30px;'><div class=\"fusion-builder-row fusion-row \"><div  class=\"fusion-layout-column fusion_builder_column fusion_builder_column_1_1  fusion-one-full fusion-column-first fusion-column-last 1_1\"  style='margin-top:0px;margin-bottom:20px;'>\n\t\t\t<div class=\"fusion-column-wrapper\" style=\"background-position:left top;background-repeat:no-repeat;-webkit-background-size:cover;-moz-background-size:cover;-o-background-size:cover;background-size:cover;\"  data-bg-url=\"\">\n\t\t\t\t<h3 style=\"text-align: center;\">Dr. Nawaf Salameh, the first Romanian invested Archon of the Ecumenical Patriarchate<\/h3>\n<p>Dr. Nawaf Salameh, the Founding Chairman of the Alexandrion Group and the Alexandrion Foundation, has become the first ever Romanian to be invested as a member of the Order of Saint Andrew the Apostle and Archon of the Ecumenical Patriarchate of Constantinople. The mission of the Archons is to support religious freedom for the Mother Church in Constantinople, promote the Orthodox Christian faith and its solidarity worldwide, and to pursue understanding and comity among people of all the world\u2019s great religious faiths.<\/p>\n<p>Dr. Salameh was invested as Archon on October 9, in a ceremony after Divine Liturgy at the Archdiocesan Cathedral of the Holy Trinity in New York. On October 8, he was presented with the Order\u2019s Sophia Award for Excellence in recognition of his distinguished service to the Holy Mother Church and the Archons\u2019 sacred mission.<\/p>\n<p>His Eminence Archbishop Elpidophoros of America, accompanied by His Eminence Demetrios, former Archbishop of America, presided at the investiture ceremony at which thirty-six new Archons from across the United States were admitted into the Order. Also present was His Beatitude Theodore II, Pope and Patriarch of Alexandria and All Africa, who presided over the Divine Liturgy.<\/p>\n<p>Commenting on his investiture, Dr. Salameh observed that \u201cWe are defined by our beliefs and values. And some of us have been blessed with the opportunity to put these to work for the benefit of the wider community. I have always been guided by my faith in Jesus Christ, and have sought freedom, which can only have full meaning in the context of that faith, in every aspect of my life. I am honored and grateful to have been inducted into the Order of St. Andrew the Apostle\u2014the First Called\u2014among the Archons of the Ecumenical Patriarchate. At the conclusion of the Divine Liturgy celebrated by His Beatitude Theodore II, I received the Offikion (office) of the Confidential Envoy of the Ecumenical Patriarch\u2014and Cross of St. Andrew, thus joining the Archon Class of 2022. As an Archon, I will devote myself to the Order\u2019s great mission on behalf of the Mother Church and the Ecumenical Patriarchate.\u201d<\/p>\n<p>Images from the ceremony can be watched here: <a href=\"https:\/\/www.youtube.com\/watch?v=1oe0uMD6Bls\">https:\/\/www.youtube.com\/watch?v=1oe0uMD6Bls<\/a><\/p>\n<p>His Eminence Archbishop Elpidophoros told the new Archons: \u201cThis day for the installation of the new class of Archons is indeed an auspicious one. For it is occurring in the presence of His Beatitude Theodoros II, Pope and Patriarch of Alexandria and All Africa. You are receiving the high office and name of \u2018Archon\u2019 at this first and very special Patriarchal Divine Liturgy, presided over by the one who is enthroned on the See of Saint Mark the Apostle and Evangelist\u2014and on the very day of his enthronement eighteen years ago, no less.\u201d<\/p>\n<p>His Eminence added that the Archons were being endowed by His All Holiness, Ecumenical Patriarch Bartholomew, \u201cwith the Offikion that he has personally selected for you. Let his brother Patriarch, standing before you, be a perpetual memorial in your souls of the great honor bestowed upon you, and of the responsibility that you now bear to defend and magnify the Mother Church of Constantinople with all your strength, with all your heart, and with all your mind. May you always be worthy! \u0391\u039e\u0399\u039f\u0399!\u201d<\/p>\n<p>Dr. Anthony J. Limberakis, the National Commander of the Order of St. Andrew the Apostle, also offered his heartfelt congratulations to the Archon class of 2022 and praised the Order\u2019s systematic, comprehensive, and dilligent selection process.<\/p>\n<p><strong>Dr. Nawaf Salameh and Mrs. Rim Daoud were presented the Archon Sophia Award for Excellence<\/strong><\/p>\n<p>On Saturday, October 8, 2022, at the Annual Archon Agape Luncheon in New York, the Order of St. Andrew presented the Archon Sophia Award for Excellence to Archon Dr. Nawaf Salameh, Mrs. Rim Daoud Salameh, and to Archon Boris Gourov\u2014Alexandrion Group\u2019s partner in Bulgaria\u2014and Mrs. Youlianna Gurova. The Sophia Award for Excellence is given annually by the Order to an individual or individuals for distinguished service to the Holy Mother Church and the Sacred Mission of the Archons. This year, the Salamehs and Gurovs were recognized for facilitating the June 2022 visit of the Archon leadership to Romania and Bulgaria, including meetings with senior Orthodox leaders, government officials, and American diplomats in these countries.<\/p>\n<p>Dr. Maria A. Limberakis, wife of Dr. Anthony J. Limberakis, presided over the luncheon and offered commentary on the role of an Archon from a family perspective. Dr. Maria Limberakis stated that \u201cArchon-elect Nawaf Salameh and Rim Daoud from Romania exemplify what it means to live a life in service. They are staunch supporters of the Mother Church and our Orthodox Faith in Romania, Bulgaria, and throughout Europe (&#8230;) On a recent religious freedom mission to Bulgaria and Romania, they embraced our delegation as family. They arranged meetings with the highest level of civil and ecclesiastical authorities, individuals who can further the Archons\u2019 mission of religious freedom.\u201d<\/p>\n<p>Nicholas S. Kass, Executive Director for International Corporate Affairs at the Alexandrion Group, noted that \u201cthe Salamehs and the Gurovs are being honored today in part for the indispensable service rendered to the Archons, and to the Ecumenical Patriarchate itself&#8230;As a former diplomat, I can attest to the ground-breaking nature of this trip, coming as it did at a time of war between the West and Russia in Ukraine.\u201d Mr. Kass, who accompanied Dr. Salameh and the delegation throughout the region, observed that the Archons \u201ccame with a message of support for His All Holiness, an emphasis on our common Orthodox faith and heritage, and an abiding sensitivity to local traditions and mores\u2014the building blocks of future progress in these relations.\u201d He also encouraged the Archons to continue thinking of the awardees as the Order\u2019s diplomats in a region that is of vital importance to the Orthodox faith and the Ecumenical Patriarchate. \u201cWith this recognition and support, they will continue to help expand the Archons\u2019 understanding and perception of the wider dynamics among Orthodox countries, the particular interests of Orthodox establishments in this region and the Middle East, and of the myriad other ancient Christian denominations, which are persevering in the face of unprecedented challenges to their survival. This, in turn, will help you devise wise policy in pursuit of the Archon\u2019s core mission, an in reestablishing the health and order of the Orthodox ecumene throughout the world.\u201d<\/p>\n<p><strong>About the Alexandrion Foundation<\/strong><br \/>\nThe Alexandrion Foundation emerged following numerous social activities carried out by the companies\u2019 part of Alexandrion Group. Projects have been carried out under Alexandrion Foundation\u2019s patronage for more than 20 years. Alexandrion Foundation follows the Alexandrion Group in its evolution. The Alexandrion Foundation actively supports culture since 2014 with Constantin Br\u00e2ncoveanu Awards, it honours excellence through the Constantin Br\u00e2ncoveanu Diaspora Awards and the Constantin Br\u00e2ncoveanu International Awards. Through the Matei Br\u00e2ncoveanu Awards, Alexandrion Foundation recognizes the development potential of younger people for research and exceptional achievements in their field of activity. Over the years, the Foundation has also supported Romanian sports performance. Alexandrion Trophies honour the international performance of Romanian athletes since 2016. The Foundation supported the Romanian Olympic and Sports Committee at the Olympic from 2004 to 2012 aiming to encourage young athletes to obtain the best possible results.<\/p>\n<div class=\"fusion-image-carousel fusion-image-carousel-auto lightbox-enabled fusion-carousel-border\"><div class=\"fusion-carousel\" data-autoplay=\"no\" data-columns=\"5\" data-itemmargin=\"13\" data-itemwidth=\"180\" data-touchscroll=\"no\" data-imagesize=\"auto\"><div class=\"fusion-carousel-positioner\"><ul class=\"fusion-carousel-holder\"><li class=\"fusion-carousel-item\"><div class=\"fusion-carousel-item-wrapper\"><div class=\"fusion-image-wrapper hover-type-none\"><a data-rel=\"iLightbox[gallery_image_1]\" data-caption=\"On Sunday, October 9, 2022, His Beatitude Patriarch Theodore II, Pope and Patriarch of Alexandria celebrated the Divine Liturgy at the Archdiocesan Cathedral of the Holy Trinity. Following services, the Class of 2022 was invested by His Eminence Archbishop Elpidophoros of America and His Eminence Archbishop Demetrios, Formerly of America.\" data-title=\"Promotia de Arhoni 2022\" href=\"http:\/\/fundatia-alexandrion.ro\/wp-content\/uploads\/2022\/10\/Promotia-de-Arhoni-2022-300x139.jpg\" target=\"_self\"><img loading=\"lazy\" decoding=\"async\" width=\"1504\" height=\"697\" src=\"https:\/\/fundatia-alexandrion.ro\/wp-content\/uploads\/2022\/10\/Promotia-de-Arhoni-2022.jpg\" class=\"attachment-full size-full\" alt=\"\" srcset=\"https:\/\/fundatia-alexandrion.ro\/wp-content\/uploads\/2022\/10\/Promotia-de-Arhoni-2022-200x93.jpg 200w, https:\/\/fundatia-alexandrion.ro\/wp-content\/uploads\/2022\/10\/Promotia-de-Arhoni-2022-300x139.jpg 300w, https:\/\/fundatia-alexandrion.ro\/wp-content\/uploads\/2022\/10\/Promotia-de-Arhoni-2022-400x185.jpg 400w, https:\/\/fundatia-alexandrion.ro\/wp-content\/uploads\/2022\/10\/Promotia-de-Arhoni-2022-600x278.jpg 600w, https:\/\/fundatia-alexandrion.ro\/wp-content\/uploads\/2022\/10\/Promotia-de-Arhoni-2022-768x356.jpg 768w, https:\/\/fundatia-alexandrion.ro\/wp-content\/uploads\/2022\/10\/Promotia-de-Arhoni-2022-800x371.jpg 800w, https:\/\/fundatia-alexandrion.ro\/wp-content\/uploads\/2022\/10\/Promotia-de-Arhoni-2022-1024x475.jpg 1024w, https:\/\/fundatia-alexandrion.ro\/wp-content\/uploads\/2022\/10\/Promotia-de-Arhoni-2022-1200x556.jpg 1200w, https:\/\/fundatia-alexandrion.ro\/wp-content\/uploads\/2022\/10\/Promotia-de-Arhoni-2022.jpg 1504w\" sizes=\"auto, (max-width: 1504px) 100vw, 1504px\" \/><\/a><\/div><\/div><\/li><li class=\"fusion-carousel-item\"><div class=\"fusion-carousel-item-wrapper\"><div class=\"fusion-image-wrapper hover-type-none\"><a data-rel=\"iLightbox[gallery_image_1]\" data-title=\"Premiul Arhon Sophia\" href=\"http:\/\/fundatia-alexandrion.ro\/wp-content\/uploads\/2022\/10\/Premiul-Arhon-Sophia-200x300.jpg\" target=\"_self\"><img loading=\"lazy\" decoding=\"async\" width=\"1707\" height=\"2560\" src=\"https:\/\/fundatia-alexandrion.ro\/wp-content\/uploads\/2022\/10\/Premiul-Arhon-Sophia.jpg\" class=\"attachment-full size-full\" alt=\"\" \/><\/a><\/div><\/div><\/li><li class=\"fusion-carousel-item\"><div class=\"fusion-carousel-item-wrapper\"><div class=\"fusion-image-wrapper hover-type-none\"><a data-rel=\"iLightbox[gallery_image_1]\" data-caption=\"On Sunday, October 9, 2022, His Beatitude Patriarch Theodore II, Pope and Patriarch of Alexandria celebrated the Divine Liturgy at the Archdiocesan Cathedral of the Holy Trinity. Following services, the Class of 2022 was invested by His Eminence Archbishop Elpidophoros of America and His Eminence Archbishop Demetrios, Formerly of America.\" data-title=\"Preafericitul Teodor al II-lea Papa \u0219i Patriarhul Alexandriei \u0219i al \u00eentregii Africi\" href=\"http:\/\/fundatia-alexandrion.ro\/wp-content\/uploads\/2022\/10\/Preafericitul-Teodor-al-II-lea-Papa-si-Patriarhul-Alexandriei-si-al-intregii-Africi-300x200.jpg\" target=\"_self\"><img loading=\"lazy\" decoding=\"async\" width=\"1024\" height=\"683\" src=\"https:\/\/fundatia-alexandrion.ro\/wp-content\/uploads\/2022\/10\/Preafericitul-Teodor-al-II-lea-Papa-si-Patriarhul-Alexandriei-si-al-intregii-Africi.jpg\" class=\"attachment-full size-full\" alt=\"\" srcset=\"https:\/\/fundatia-alexandrion.ro\/wp-content\/uploads\/2022\/10\/Preafericitul-Teodor-al-II-lea-Papa-si-Patriarhul-Alexandriei-si-al-intregii-Africi-200x133.jpg 200w, https:\/\/fundatia-alexandrion.ro\/wp-content\/uploads\/2022\/10\/Preafericitul-Teodor-al-II-lea-Papa-si-Patriarhul-Alexandriei-si-al-intregii-Africi-300x200.jpg 300w, https:\/\/fundatia-alexandrion.ro\/wp-content\/uploads\/2022\/10\/Preafericitul-Teodor-al-II-lea-Papa-si-Patriarhul-Alexandriei-si-al-intregii-Africi-400x267.jpg 400w, https:\/\/fundatia-alexandrion.ro\/wp-content\/uploads\/2022\/10\/Preafericitul-Teodor-al-II-lea-Papa-si-Patriarhul-Alexandriei-si-al-intregii-Africi-600x400.jpg 600w, https:\/\/fundatia-alexandrion.ro\/wp-content\/uploads\/2022\/10\/Preafericitul-Teodor-al-II-lea-Papa-si-Patriarhul-Alexandriei-si-al-intregii-Africi-768x512.jpg 768w, https:\/\/fundatia-alexandrion.ro\/wp-content\/uploads\/2022\/10\/Preafericitul-Teodor-al-II-lea-Papa-si-Patriarhul-Alexandriei-si-al-intregii-Africi-800x534.jpg 800w, https:\/\/fundatia-alexandrion.ro\/wp-content\/uploads\/2022\/10\/Preafericitul-Teodor-al-II-lea-Papa-si-Patriarhul-Alexandriei-si-al-intregii-Africi.jpg 1024w\" sizes=\"auto, (max-width: 1024px) 100vw, 1024px\" \/><\/a><\/div><\/div><\/li><li class=\"fusion-carousel-item\"><div class=\"fusion-carousel-item-wrapper\"><div class=\"fusion-image-wrapper hover-type-none\"><a data-rel=\"iLightbox[gallery_image_1]\" data-title=\"Nicholas S. Kass, Executive Director for International Corporate Affairs\" href=\"http:\/\/fundatia-alexandrion.ro\/wp-content\/uploads\/2022\/10\/Nicholas-S.-Kass-Executive-Director-for-International-Corporate-Affairs-300x200.jpg\" target=\"_self\"><img loading=\"lazy\" decoding=\"async\" width=\"1750\" height=\"1167\" src=\"https:\/\/fundatia-alexandrion.ro\/wp-content\/uploads\/2022\/10\/Nicholas-S.-Kass-Executive-Director-for-International-Corporate-Affairs.jpg\" class=\"attachment-full size-full\" alt=\"\" srcset=\"https:\/\/fundatia-alexandrion.ro\/wp-content\/uploads\/2022\/10\/Nicholas-S.-Kass-Executive-Director-for-International-Corporate-Affairs-200x133.jpg 200w, https:\/\/fundatia-alexandrion.ro\/wp-content\/uploads\/2022\/10\/Nicholas-S.-Kass-Executive-Director-for-International-Corporate-Affairs-300x200.jpg 300w, https:\/\/fundatia-alexandrion.ro\/wp-content\/uploads\/2022\/10\/Nicholas-S.-Kass-Executive-Director-for-International-Corporate-Affairs-400x267.jpg 400w, https:\/\/fundatia-alexandrion.ro\/wp-content\/uploads\/2022\/10\/Nicholas-S.-Kass-Executive-Director-for-International-Corporate-Affairs-600x400.jpg 600w, https:\/\/fundatia-alexandrion.ro\/wp-content\/uploads\/2022\/10\/Nicholas-S.-Kass-Executive-Director-for-International-Corporate-Affairs-768x512.jpg 768w, https:\/\/fundatia-alexandrion.ro\/wp-content\/uploads\/2022\/10\/Nicholas-S.-Kass-Executive-Director-for-International-Corporate-Affairs-800x533.jpg 800w, https:\/\/fundatia-alexandrion.ro\/wp-content\/uploads\/2022\/10\/Nicholas-S.-Kass-Executive-Director-for-International-Corporate-Affairs-1024x683.jpg 1024w, https:\/\/fundatia-alexandrion.ro\/wp-content\/uploads\/2022\/10\/Nicholas-S.-Kass-Executive-Director-for-International-Corporate-Affairs-1200x800.jpg 1200w, https:\/\/fundatia-alexandrion.ro\/wp-content\/uploads\/2022\/10\/Nicholas-S.-Kass-Executive-Director-for-International-Corporate-Affairs-1536x1024.jpg 1536w, https:\/\/fundatia-alexandrion.ro\/wp-content\/uploads\/2022\/10\/Nicholas-S.-Kass-Executive-Director-for-International-Corporate-Affairs.jpg 1750w\" sizes=\"auto, (max-width: 1750px) 100vw, 1750px\" \/><\/a><\/div><\/div><\/li><li class=\"fusion-carousel-item\"><div class=\"fusion-carousel-item-wrapper\"><div class=\"fusion-image-wrapper hover-type-none\"><a data-rel=\"iLightbox[gallery_image_1]\" data-caption=\"On Sunday, October 9, 2022, His Beatitude Patriarch Theodore II, Pope and Patriarch of Alexandria celebrated the Divine Liturgy at the Archdiocesan Cathedral of the Holy Trinity. Following services, the Class of 2022 was invested by His Eminence Archbishop Elpidophoros of America and His Eminence Archbishop Demetrios, Formerly of America.\" data-title=\"Eminen\u0163a Sa Arhiepiscopul Elpidophoros al Americii, Dr. Nawaf Salameh, Eminenta Sa Arhiepiscopul Demetrios\" href=\"http:\/\/fundatia-alexandrion.ro\/wp-content\/uploads\/2022\/10\/Eminenta-Sa-Arhiepiscopul-Elpidophoros-al-Americii-Dr.-Nawaf-Salameh-Eminenta-Sa-Arhiepiscopul-Demetrios-300x200.jpg\" target=\"_self\"><img loading=\"lazy\" decoding=\"async\" width=\"1024\" height=\"683\" src=\"https:\/\/fundatia-alexandrion.ro\/wp-content\/uploads\/2022\/10\/Eminenta-Sa-Arhiepiscopul-Elpidophoros-al-Americii-Dr.-Nawaf-Salameh-Eminenta-Sa-Arhiepiscopul-Demetrios.jpg\" class=\"attachment-full size-full\" alt=\"\" srcset=\"https:\/\/fundatia-alexandrion.ro\/wp-content\/uploads\/2022\/10\/Eminenta-Sa-Arhiepiscopul-Elpidophoros-al-Americii-Dr.-Nawaf-Salameh-Eminenta-Sa-Arhiepiscopul-Demetrios-200x133.jpg 200w, https:\/\/fundatia-alexandrion.ro\/wp-content\/uploads\/2022\/10\/Eminenta-Sa-Arhiepiscopul-Elpidophoros-al-Americii-Dr.-Nawaf-Salameh-Eminenta-Sa-Arhiepiscopul-Demetrios-300x200.jpg 300w, https:\/\/fundatia-alexandrion.ro\/wp-content\/uploads\/2022\/10\/Eminenta-Sa-Arhiepiscopul-Elpidophoros-al-Americii-Dr.-Nawaf-Salameh-Eminenta-Sa-Arhiepiscopul-Demetrios-400x267.jpg 400w, https:\/\/fundatia-alexandrion.ro\/wp-content\/uploads\/2022\/10\/Eminenta-Sa-Arhiepiscopul-Elpidophoros-al-Americii-Dr.-Nawaf-Salameh-Eminenta-Sa-Arhiepiscopul-Demetrios-600x400.jpg 600w, https:\/\/fundatia-alexandrion.ro\/wp-content\/uploads\/2022\/10\/Eminenta-Sa-Arhiepiscopul-Elpidophoros-al-Americii-Dr.-Nawaf-Salameh-Eminenta-Sa-Arhiepiscopul-Demetrios-768x512.jpg 768w, https:\/\/fundatia-alexandrion.ro\/wp-content\/uploads\/2022\/10\/Eminenta-Sa-Arhiepiscopul-Elpidophoros-al-Americii-Dr.-Nawaf-Salameh-Eminenta-Sa-Arhiepiscopul-Demetrios-800x534.jpg 800w, https:\/\/fundatia-alexandrion.ro\/wp-content\/uploads\/2022\/10\/Eminenta-Sa-Arhiepiscopul-Elpidophoros-al-Americii-Dr.-Nawaf-Salameh-Eminenta-Sa-Arhiepiscopul-Demetrios.jpg 1024w\" sizes=\"auto, (max-width: 1024px) 100vw, 1024px\" \/><\/a><\/div><\/div><\/li><li class=\"fusion-carousel-item\"><div class=\"fusion-carousel-item-wrapper\"><div class=\"fusion-image-wrapper hover-type-none\"><a data-rel=\"iLightbox[gallery_image_1]\" data-title=\"Dr. Nawaf Salameh, Youlianna Gurova, Boris Gurov\" href=\"http:\/\/fundatia-alexandrion.ro\/wp-content\/uploads\/2022\/10\/Dr.-Nawaf-Salameh-Youlianna-Gurova-Boris-Gurov-300x200.jpg\" target=\"_self\"><img loading=\"lazy\" decoding=\"async\" width=\"1750\" height=\"1167\" src=\"https:\/\/fundatia-alexandrion.ro\/wp-content\/uploads\/2022\/10\/Dr.-Nawaf-Salameh-Youlianna-Gurova-Boris-Gurov.jpg\" class=\"attachment-full size-full\" alt=\"\" srcset=\"https:\/\/fundatia-alexandrion.ro\/wp-content\/uploads\/2022\/10\/Dr.-Nawaf-Salameh-Youlianna-Gurova-Boris-Gurov-200x133.jpg 200w, https:\/\/fundatia-alexandrion.ro\/wp-content\/uploads\/2022\/10\/Dr.-Nawaf-Salameh-Youlianna-Gurova-Boris-Gurov-300x200.jpg 300w, https:\/\/fundatia-alexandrion.ro\/wp-content\/uploads\/2022\/10\/Dr.-Nawaf-Salameh-Youlianna-Gurova-Boris-Gurov-400x267.jpg 400w, https:\/\/fundatia-alexandrion.ro\/wp-content\/uploads\/2022\/10\/Dr.-Nawaf-Salameh-Youlianna-Gurova-Boris-Gurov-600x400.jpg 600w, https:\/\/fundatia-alexandrion.ro\/wp-content\/uploads\/2022\/10\/Dr.-Nawaf-Salameh-Youlianna-Gurova-Boris-Gurov-768x512.jpg 768w, https:\/\/fundatia-alexandrion.ro\/wp-content\/uploads\/2022\/10\/Dr.-Nawaf-Salameh-Youlianna-Gurova-Boris-Gurov-800x533.jpg 800w, https:\/\/fundatia-alexandrion.ro\/wp-content\/uploads\/2022\/10\/Dr.-Nawaf-Salameh-Youlianna-Gurova-Boris-Gurov-1024x683.jpg 1024w, https:\/\/fundatia-alexandrion.ro\/wp-content\/uploads\/2022\/10\/Dr.-Nawaf-Salameh-Youlianna-Gurova-Boris-Gurov-1200x800.jpg 1200w, https:\/\/fundatia-alexandrion.ro\/wp-content\/uploads\/2022\/10\/Dr.-Nawaf-Salameh-Youlianna-Gurova-Boris-Gurov-1536x1024.jpg 1536w, https:\/\/fundatia-alexandrion.ro\/wp-content\/uploads\/2022\/10\/Dr.-Nawaf-Salameh-Youlianna-Gurova-Boris-Gurov.jpg 1750w\" sizes=\"auto, (max-width: 1750px) 100vw, 1750px\" \/><\/a><\/div><\/div><\/li><li class=\"fusion-carousel-item\"><div class=\"fusion-carousel-item-wrapper\"><div class=\"fusion-image-wrapper hover-type-none\"><a data-rel=\"iLightbox[gallery_image_1]\" data-title=\"Dr. Nawaf Salameh speech multumire pentru premiul Arhon Sophia\" href=\"http:\/\/fundatia-alexandrion.ro\/wp-content\/uploads\/2022\/10\/Dr.-Nawaf-Salameh-speech-multumire-pentru-premiul-Arhon-Sophia-300x200.jpg\" target=\"_self\"><img loading=\"lazy\" decoding=\"async\" width=\"1750\" height=\"1167\" src=\"https:\/\/fundatia-alexandrion.ro\/wp-content\/uploads\/2022\/10\/Dr.-Nawaf-Salameh-speech-multumire-pentru-premiul-Arhon-Sophia.jpg\" class=\"attachment-full size-full\" alt=\"\" srcset=\"https:\/\/fundatia-alexandrion.ro\/wp-content\/uploads\/2022\/10\/Dr.-Nawaf-Salameh-speech-multumire-pentru-premiul-Arhon-Sophia-200x133.jpg 200w, https:\/\/fundatia-alexandrion.ro\/wp-content\/uploads\/2022\/10\/Dr.-Nawaf-Salameh-speech-multumire-pentru-premiul-Arhon-Sophia-300x200.jpg 300w, https:\/\/fundatia-alexandrion.ro\/wp-content\/uploads\/2022\/10\/Dr.-Nawaf-Salameh-speech-multumire-pentru-premiul-Arhon-Sophia-400x267.jpg 400w, https:\/\/fundatia-alexandrion.ro\/wp-content\/uploads\/2022\/10\/Dr.-Nawaf-Salameh-speech-multumire-pentru-premiul-Arhon-Sophia-600x400.jpg 600w, https:\/\/fundatia-alexandrion.ro\/wp-content\/uploads\/2022\/10\/Dr.-Nawaf-Salameh-speech-multumire-pentru-premiul-Arhon-Sophia-768x512.jpg 768w, https:\/\/fundatia-alexandrion.ro\/wp-content\/uploads\/2022\/10\/Dr.-Nawaf-Salameh-speech-multumire-pentru-premiul-Arhon-Sophia-800x533.jpg 800w, https:\/\/fundatia-alexandrion.ro\/wp-content\/uploads\/2022\/10\/Dr.-Nawaf-Salameh-speech-multumire-pentru-premiul-Arhon-Sophia-1024x683.jpg 1024w, https:\/\/fundatia-alexandrion.ro\/wp-content\/uploads\/2022\/10\/Dr.-Nawaf-Salameh-speech-multumire-pentru-premiul-Arhon-Sophia-1200x800.jpg 1200w, https:\/\/fundatia-alexandrion.ro\/wp-content\/uploads\/2022\/10\/Dr.-Nawaf-Salameh-speech-multumire-pentru-premiul-Arhon-Sophia-1536x1024.jpg 1536w, https:\/\/fundatia-alexandrion.ro\/wp-content\/uploads\/2022\/10\/Dr.-Nawaf-Salameh-speech-multumire-pentru-premiul-Arhon-Sophia.jpg 1750w\" sizes=\"auto, (max-width: 1750px) 100vw, 1750px\" \/><\/a><\/div><\/div><\/li><li class=\"fusion-carousel-item\"><div class=\"fusion-carousel-item-wrapper\"><div class=\"fusion-image-wrapper hover-type-none\"><a data-rel=\"iLightbox[gallery_image_1]\" data-caption=\"On Sunday, October 9, 2022, His Beatitude Patriarch Theodore II, Pope and Patriarch of Alexandria celebrated the Divine Liturgy at the Archdiocesan Cathedral of the Holy Trinity. Following services, the Class of 2022 was invested by His Eminence Archbishop Elpidophoros of America and His Eminence Archbishop Demetrios, Formerly of America.\" data-title=\"Dr. Nawaf Salameh Investire\" href=\"http:\/\/fundatia-alexandrion.ro\/wp-content\/uploads\/2022\/10\/Dr.-Nawaf-Salameh-Investire-300x200.jpg\" target=\"_self\"><img loading=\"lazy\" decoding=\"async\" width=\"1024\" height=\"683\" src=\"https:\/\/fundatia-alexandrion.ro\/wp-content\/uploads\/2022\/10\/Dr.-Nawaf-Salameh-Investire.jpg\" class=\"attachment-full size-full\" alt=\"\" srcset=\"https:\/\/fundatia-alexandrion.ro\/wp-content\/uploads\/2022\/10\/Dr.-Nawaf-Salameh-Investire-200x133.jpg 200w, https:\/\/fundatia-alexandrion.ro\/wp-content\/uploads\/2022\/10\/Dr.-Nawaf-Salameh-Investire-300x200.jpg 300w, https:\/\/fundatia-alexandrion.ro\/wp-content\/uploads\/2022\/10\/Dr.-Nawaf-Salameh-Investire-400x267.jpg 400w, https:\/\/fundatia-alexandrion.ro\/wp-content\/uploads\/2022\/10\/Dr.-Nawaf-Salameh-Investire-600x400.jpg 600w, https:\/\/fundatia-alexandrion.ro\/wp-content\/uploads\/2022\/10\/Dr.-Nawaf-Salameh-Investire-768x512.jpg 768w, https:\/\/fundatia-alexandrion.ro\/wp-content\/uploads\/2022\/10\/Dr.-Nawaf-Salameh-Investire-800x534.jpg 800w, https:\/\/fundatia-alexandrion.ro\/wp-content\/uploads\/2022\/10\/Dr.-Nawaf-Salameh-Investire.jpg 1024w\" sizes=\"auto, (max-width: 1024px) 100vw, 1024px\" \/><\/a><\/div><\/div><\/li><\/ul><div class=\"fusion-carousel-nav\"><span class=\"fusion-nav-prev\"><\/span><span class=\"fusion-nav-next\"><\/span><\/div><\/div><\/div><\/div><div class=\"fusion-clearfix\"><\/div>\n\n\t\t\t<\/div>\n\t\t<\/div><\/div><\/div>\n","protected":false},"excerpt":{"rendered":"","protected":false},"author":9,"featured_media":5422,"comment_status":"open","ping_status":"closed","sticky":false,"template":"","format":"standard","meta":{"_monsterinsights_skip_tracking":false,"_monsterinsights_sitenote_active":false,"_monsterinsights_sitenote_note":"","_monsterinsights_sitenote_category":0,"footnotes":""},"categories":[1],"tags":[],"class_list":["post-5431","post","type-post","status-publish","format-standard","has-post-thumbnail","hentry","category-uncategorized"],"yoast_head":"<!-- This site is optimized with the Yoast SEO plugin v27.5 - https:\/\/yoast.com\/product\/yoast-seo-wordpress\/ -->\n<title>Dr. Nawaf Salameh, the first Romanian invested Archon of the Ecumenical Patriarchate - Funda\u021bia Alexandrion<\/title>\n<meta name=\"robots\" content=\"index, follow, max-snippet:-1, max-image-preview:large, max-video-preview:-1\" \/>\n<link rel=\"canonical\" href=\"https:\/\/fundatia-alexandrion.ro\/en\/dr-nawaf-salameh-the-first-romanian-invested-archon-of-the-ecumenical-patriarchate\/\" \/>\n<meta property=\"og:locale\" content=\"en_US\" \/>\n<meta property=\"og:type\" content=\"article\" \/>\n<meta property=\"og:title\" content=\"Dr. Nawaf Salameh, the first Romanian invested Archon of the Ecumenical Patriarchate - Funda\u021bia Alexandrion\" \/>\n<meta property=\"og:url\" content=\"https:\/\/fundatia-alexandrion.ro\/en\/dr-nawaf-salameh-the-first-romanian-invested-archon-of-the-ecumenical-patriarchate\/\" \/>\n<meta property=\"og:site_name\" content=\"Funda\u021bia Alexandrion\" \/>\n<meta property=\"article:published_time\" content=\"2022-10-27T12:31:15+00:00\" \/>\n<meta property=\"article:modified_time\" content=\"2022-10-27T14:10:36+00:00\" \/>\n<meta property=\"og:image\" content=\"http:\/\/fundatia-alexandrion.ro\/wp-content\/uploads\/2022\/10\/Eminenta-Sa-Arhiepiscopul-Elpidophoros-al-Americii-Dr.-Nawaf-Salameh-Eminenta-Sa-Arhiepiscopul-Demetrios.jpg\" \/>\n\t<meta property=\"og:image:width\" content=\"1024\" \/>\n\t<meta property=\"og:image:height\" content=\"683\" \/>\n\t<meta property=\"og:image:type\" content=\"image\/jpeg\" \/>\n<meta name=\"author\" content=\"Admin Ideaseven\" \/>\n<meta name=\"twitter:card\" content=\"summary_large_image\" \/>\n<meta name=\"twitter:label1\" content=\"Written by\" \/>\n\t<meta name=\"twitter:data1\" content=\"Admin Ideaseven\" \/>\n\t<meta name=\"twitter:label2\" content=\"Est. reading time\" \/>\n\t<meta name=\"twitter:data2\" content=\"8 minutes\" \/>\n<script type=\"application\/ld+json\" class=\"yoast-schema-graph\">{\"@context\":\"https:\\\/\\\/schema.org\",\"@graph\":[{\"@type\":\"Article\",\"@id\":\"https:\\\/\\\/fundatia-alexandrion.ro\\\/en\\\/dr-nawaf-salameh-the-first-romanian-invested-archon-of-the-ecumenical-patriarchate\\\/#article\",\"isPartOf\":{\"@id\":\"https:\\\/\\\/fundatia-alexandrion.ro\\\/en\\\/dr-nawaf-salameh-the-first-romanian-invested-archon-of-the-ecumenical-patriarchate\\\/\"},\"author\":{\"name\":\"Admin Ideaseven\",\"@id\":\"https:\\\/\\\/fundatia-alexandrion.ro\\\/#\\\/schema\\\/person\\\/2b7be8aaa4d65da0406ecc706839aaee\"},\"headline\":\"Dr. Nawaf Salameh, the first Romanian invested Archon of the Ecumenical Patriarchate\",\"datePublished\":\"2022-10-27T12:31:15+00:00\",\"dateModified\":\"2022-10-27T14:10:36+00:00\",\"mainEntityOfPage\":{\"@id\":\"https:\\\/\\\/fundatia-alexandrion.ro\\\/en\\\/dr-nawaf-salameh-the-first-romanian-invested-archon-of-the-ecumenical-patriarchate\\\/\"},\"wordCount\":1562,\"commentCount\":0,\"image\":{\"@id\":\"https:\\\/\\\/fundatia-alexandrion.ro\\\/en\\\/dr-nawaf-salameh-the-first-romanian-invested-archon-of-the-ecumenical-patriarchate\\\/#primaryimage\"},\"thumbnailUrl\":\"https:\\\/\\\/fundatia-alexandrion.ro\\\/wp-content\\\/uploads\\\/2022\\\/10\\\/Eminenta-Sa-Arhiepiscopul-Elpidophoros-al-Americii-Dr.-Nawaf-Salameh-Eminenta-Sa-Arhiepiscopul-Demetrios.jpg\",\"inLanguage\":\"en-US\",\"potentialAction\":[{\"@type\":\"CommentAction\",\"name\":\"Comment\",\"target\":[\"https:\\\/\\\/fundatia-alexandrion.ro\\\/en\\\/dr-nawaf-salameh-the-first-romanian-invested-archon-of-the-ecumenical-patriarchate\\\/#respond\"]}]},{\"@type\":\"WebPage\",\"@id\":\"https:\\\/\\\/fundatia-alexandrion.ro\\\/en\\\/dr-nawaf-salameh-the-first-romanian-invested-archon-of-the-ecumenical-patriarchate\\\/\",\"url\":\"https:\\\/\\\/fundatia-alexandrion.ro\\\/en\\\/dr-nawaf-salameh-the-first-romanian-invested-archon-of-the-ecumenical-patriarchate\\\/\",\"name\":\"Dr. Nawaf Salameh, the first Romanian invested Archon of the Ecumenical Patriarchate - Funda\u021bia Alexandrion\",\"isPartOf\":{\"@id\":\"https:\\\/\\\/fundatia-alexandrion.ro\\\/#website\"},\"primaryImageOfPage\":{\"@id\":\"https:\\\/\\\/fundatia-alexandrion.ro\\\/en\\\/dr-nawaf-salameh-the-first-romanian-invested-archon-of-the-ecumenical-patriarchate\\\/#primaryimage\"},\"image\":{\"@id\":\"https:\\\/\\\/fundatia-alexandrion.ro\\\/en\\\/dr-nawaf-salameh-the-first-romanian-invested-archon-of-the-ecumenical-patriarchate\\\/#primaryimage\"},\"thumbnailUrl\":\"https:\\\/\\\/fundatia-alexandrion.ro\\\/wp-content\\\/uploads\\\/2022\\\/10\\\/Eminenta-Sa-Arhiepiscopul-Elpidophoros-al-Americii-Dr.-Nawaf-Salameh-Eminenta-Sa-Arhiepiscopul-Demetrios.jpg\",\"datePublished\":\"2022-10-27T12:31:15+00:00\",\"dateModified\":\"2022-10-27T14:10:36+00:00\",\"author\":{\"@id\":\"https:\\\/\\\/fundatia-alexandrion.ro\\\/#\\\/schema\\\/person\\\/2b7be8aaa4d65da0406ecc706839aaee\"},\"breadcrumb\":{\"@id\":\"https:\\\/\\\/fundatia-alexandrion.ro\\\/en\\\/dr-nawaf-salameh-the-first-romanian-invested-archon-of-the-ecumenical-patriarchate\\\/#breadcrumb\"},\"inLanguage\":\"en-US\",\"potentialAction\":[{\"@type\":\"ReadAction\",\"target\":[\"https:\\\/\\\/fundatia-alexandrion.ro\\\/en\\\/dr-nawaf-salameh-the-first-romanian-invested-archon-of-the-ecumenical-patriarchate\\\/\"]}]},{\"@type\":\"ImageObject\",\"inLanguage\":\"en-US\",\"@id\":\"https:\\\/\\\/fundatia-alexandrion.ro\\\/en\\\/dr-nawaf-salameh-the-first-romanian-invested-archon-of-the-ecumenical-patriarchate\\\/#primaryimage\",\"url\":\"https:\\\/\\\/fundatia-alexandrion.ro\\\/wp-content\\\/uploads\\\/2022\\\/10\\\/Eminenta-Sa-Arhiepiscopul-Elpidophoros-al-Americii-Dr.-Nawaf-Salameh-Eminenta-Sa-Arhiepiscopul-Demetrios.jpg\",\"contentUrl\":\"https:\\\/\\\/fundatia-alexandrion.ro\\\/wp-content\\\/uploads\\\/2022\\\/10\\\/Eminenta-Sa-Arhiepiscopul-Elpidophoros-al-Americii-Dr.-Nawaf-Salameh-Eminenta-Sa-Arhiepiscopul-Demetrios.jpg\",\"width\":1024,\"height\":683,\"caption\":\"On Sunday, October 9, 2022, His Beatitude Patriarch Theodore II, Pope and Patriarch of Alexandria celebrated the Divine Liturgy at the Archdiocesan Cathedral of the Holy Trinity. Following services, the Class of 2022 was invested by His Eminence Archbishop Elpidophoros of America and His Eminence Archbishop Demetrios, Formerly of America.\"},{\"@type\":\"BreadcrumbList\",\"@id\":\"https:\\\/\\\/fundatia-alexandrion.ro\\\/en\\\/dr-nawaf-salameh-the-first-romanian-invested-archon-of-the-ecumenical-patriarchate\\\/#breadcrumb\",\"itemListElement\":[{\"@type\":\"ListItem\",\"position\":1,\"name\":\"Home\",\"item\":\"https:\\\/\\\/fundatia-alexandrion.ro\\\/en\\\/\"},{\"@type\":\"ListItem\",\"position\":2,\"name\":\"Dr. Nawaf Salameh, the first Romanian invested Archon of the Ecumenical Patriarchate\"}]},{\"@type\":\"WebSite\",\"@id\":\"https:\\\/\\\/fundatia-alexandrion.ro\\\/#website\",\"url\":\"https:\\\/\\\/fundatia-alexandrion.ro\\\/\",\"name\":\"Funda\u021bia Alexandrion\",\"description\":\"\",\"potentialAction\":[{\"@type\":\"SearchAction\",\"target\":{\"@type\":\"EntryPoint\",\"urlTemplate\":\"https:\\\/\\\/fundatia-alexandrion.ro\\\/?s={search_term_string}\"},\"query-input\":{\"@type\":\"PropertyValueSpecification\",\"valueRequired\":true,\"valueName\":\"search_term_string\"}}],\"inLanguage\":\"en-US\"},{\"@type\":\"Person\",\"@id\":\"https:\\\/\\\/fundatia-alexandrion.ro\\\/#\\\/schema\\\/person\\\/2b7be8aaa4d65da0406ecc706839aaee\",\"name\":\"Admin Ideaseven\",\"image\":{\"@type\":\"ImageObject\",\"inLanguage\":\"en-US\",\"@id\":\"https:\\\/\\\/secure.gravatar.com\\\/avatar\\\/51177c70f63e49dabbe11806d6d8690243e3e46f8cc7515e6596701ef47070c1?s=96&d=mm&r=g\",\"url\":\"https:\\\/\\\/secure.gravatar.com\\\/avatar\\\/51177c70f63e49dabbe11806d6d8690243e3e46f8cc7515e6596701ef47070c1?s=96&d=mm&r=g\",\"contentUrl\":\"https:\\\/\\\/secure.gravatar.com\\\/avatar\\\/51177c70f63e49dabbe11806d6d8690243e3e46f8cc7515e6596701ef47070c1?s=96&d=mm&r=g\",\"caption\":\"Admin Ideaseven\"},\"url\":\"https:\\\/\\\/fundatia-alexandrion.ro\\\/en\\\/author\\\/idea7dev\\\/\"}]}<\/script>\n<!-- \/ Yoast SEO plugin. -->","yoast_head_json":{"title":"Dr. Nawaf Salameh, the first Romanian invested Archon of the Ecumenical Patriarchate - Funda\u021bia Alexandrion","robots":{"index":"index","follow":"follow","max-snippet":"max-snippet:-1","max-image-preview":"max-image-preview:large","max-video-preview":"max-video-preview:-1"},"canonical":"https:\/\/fundatia-alexandrion.ro\/en\/dr-nawaf-salameh-the-first-romanian-invested-archon-of-the-ecumenical-patriarchate\/","og_locale":"en_US","og_type":"article","og_title":"Dr. Nawaf Salameh, the first Romanian invested Archon of the Ecumenical Patriarchate - Funda\u021bia Alexandrion","og_url":"https:\/\/fundatia-alexandrion.ro\/en\/dr-nawaf-salameh-the-first-romanian-invested-archon-of-the-ecumenical-patriarchate\/","og_site_name":"Funda\u021bia Alexandrion","article_published_time":"2022-10-27T12:31:15+00:00","article_modified_time":"2022-10-27T14:10:36+00:00","og_image":[{"width":1024,"height":683,"url":"http:\/\/fundatia-alexandrion.ro\/wp-content\/uploads\/2022\/10\/Eminenta-Sa-Arhiepiscopul-Elpidophoros-al-Americii-Dr.-Nawaf-Salameh-Eminenta-Sa-Arhiepiscopul-Demetrios.jpg","type":"image\/jpeg"}],"author":"Admin Ideaseven","twitter_card":"summary_large_image","twitter_misc":{"Written by":"Admin Ideaseven","Est. reading time":"8 minutes"},"schema":{"@context":"https:\/\/schema.org","@graph":[{"@type":"Article","@id":"https:\/\/fundatia-alexandrion.ro\/en\/dr-nawaf-salameh-the-first-romanian-invested-archon-of-the-ecumenical-patriarchate\/#article","isPartOf":{"@id":"https:\/\/fundatia-alexandrion.ro\/en\/dr-nawaf-salameh-the-first-romanian-invested-archon-of-the-ecumenical-patriarchate\/"},"author":{"name":"Admin Ideaseven","@id":"https:\/\/fundatia-alexandrion.ro\/#\/schema\/person\/2b7be8aaa4d65da0406ecc706839aaee"},"headline":"Dr. Nawaf Salameh, the first Romanian invested Archon of the Ecumenical Patriarchate","datePublished":"2022-10-27T12:31:15+00:00","dateModified":"2022-10-27T14:10:36+00:00","mainEntityOfPage":{"@id":"https:\/\/fundatia-alexandrion.ro\/en\/dr-nawaf-salameh-the-first-romanian-invested-archon-of-the-ecumenical-patriarchate\/"},"wordCount":1562,"commentCount":0,"image":{"@id":"https:\/\/fundatia-alexandrion.ro\/en\/dr-nawaf-salameh-the-first-romanian-invested-archon-of-the-ecumenical-patriarchate\/#primaryimage"},"thumbnailUrl":"https:\/\/fundatia-alexandrion.ro\/wp-content\/uploads\/2022\/10\/Eminenta-Sa-Arhiepiscopul-Elpidophoros-al-Americii-Dr.-Nawaf-Salameh-Eminenta-Sa-Arhiepiscopul-Demetrios.jpg","inLanguage":"en-US","potentialAction":[{"@type":"CommentAction","name":"Comment","target":["https:\/\/fundatia-alexandrion.ro\/en\/dr-nawaf-salameh-the-first-romanian-invested-archon-of-the-ecumenical-patriarchate\/#respond"]}]},{"@type":"WebPage","@id":"https:\/\/fundatia-alexandrion.ro\/en\/dr-nawaf-salameh-the-first-romanian-invested-archon-of-the-ecumenical-patriarchate\/","url":"https:\/\/fundatia-alexandrion.ro\/en\/dr-nawaf-salameh-the-first-romanian-invested-archon-of-the-ecumenical-patriarchate\/","name":"Dr. Nawaf Salameh, the first Romanian invested Archon of the Ecumenical Patriarchate - Funda\u021bia Alexandrion","isPartOf":{"@id":"https:\/\/fundatia-alexandrion.ro\/#website"},"primaryImageOfPage":{"@id":"https:\/\/fundatia-alexandrion.ro\/en\/dr-nawaf-salameh-the-first-romanian-invested-archon-of-the-ecumenical-patriarchate\/#primaryimage"},"image":{"@id":"https:\/\/fundatia-alexandrion.ro\/en\/dr-nawaf-salameh-the-first-romanian-invested-archon-of-the-ecumenical-patriarchate\/#primaryimage"},"thumbnailUrl":"https:\/\/fundatia-alexandrion.ro\/wp-content\/uploads\/2022\/10\/Eminenta-Sa-Arhiepiscopul-Elpidophoros-al-Americii-Dr.-Nawaf-Salameh-Eminenta-Sa-Arhiepiscopul-Demetrios.jpg","datePublished":"2022-10-27T12:31:15+00:00","dateModified":"2022-10-27T14:10:36+00:00","author":{"@id":"https:\/\/fundatia-alexandrion.ro\/#\/schema\/person\/2b7be8aaa4d65da0406ecc706839aaee"},"breadcrumb":{"@id":"https:\/\/fundatia-alexandrion.ro\/en\/dr-nawaf-salameh-the-first-romanian-invested-archon-of-the-ecumenical-patriarchate\/#breadcrumb"},"inLanguage":"en-US","potentialAction":[{"@type":"ReadAction","target":["https:\/\/fundatia-alexandrion.ro\/en\/dr-nawaf-salameh-the-first-romanian-invested-archon-of-the-ecumenical-patriarchate\/"]}]},{"@type":"ImageObject","inLanguage":"en-US","@id":"https:\/\/fundatia-alexandrion.ro\/en\/dr-nawaf-salameh-the-first-romanian-invested-archon-of-the-ecumenical-patriarchate\/#primaryimage","url":"https:\/\/fundatia-alexandrion.ro\/wp-content\/uploads\/2022\/10\/Eminenta-Sa-Arhiepiscopul-Elpidophoros-al-Americii-Dr.-Nawaf-Salameh-Eminenta-Sa-Arhiepiscopul-Demetrios.jpg","contentUrl":"https:\/\/fundatia-alexandrion.ro\/wp-content\/uploads\/2022\/10\/Eminenta-Sa-Arhiepiscopul-Elpidophoros-al-Americii-Dr.-Nawaf-Salameh-Eminenta-Sa-Arhiepiscopul-Demetrios.jpg","width":1024,"height":683,"caption":"On Sunday, October 9, 2022, His Beatitude Patriarch Theodore II, Pope and Patriarch of Alexandria celebrated the Divine Liturgy at the Archdiocesan Cathedral of the Holy Trinity. Following services, the Class of 2022 was invested by His Eminence Archbishop Elpidophoros of America and His Eminence Archbishop Demetrios, Formerly of America."},{"@type":"BreadcrumbList","@id":"https:\/\/fundatia-alexandrion.ro\/en\/dr-nawaf-salameh-the-first-romanian-invested-archon-of-the-ecumenical-patriarchate\/#breadcrumb","itemListElement":[{"@type":"ListItem","position":1,"name":"Home","item":"https:\/\/fundatia-alexandrion.ro\/en\/"},{"@type":"ListItem","position":2,"name":"Dr. Nawaf Salameh, the first Romanian invested Archon of the Ecumenical Patriarchate"}]},{"@type":"WebSite","@id":"https:\/\/fundatia-alexandrion.ro\/#website","url":"https:\/\/fundatia-alexandrion.ro\/","name":"Funda\u021bia Alexandrion","description":"","potentialAction":[{"@type":"SearchAction","target":{"@type":"EntryPoint","urlTemplate":"https:\/\/fundatia-alexandrion.ro\/?s={search_term_string}"},"query-input":{"@type":"PropertyValueSpecification","valueRequired":true,"valueName":"search_term_string"}}],"inLanguage":"en-US"},{"@type":"Person","@id":"https:\/\/fundatia-alexandrion.ro\/#\/schema\/person\/2b7be8aaa4d65da0406ecc706839aaee","name":"Admin Ideaseven","image":{"@type":"ImageObject","inLanguage":"en-US","@id":"https:\/\/secure.gravatar.com\/avatar\/51177c70f63e49dabbe11806d6d8690243e3e46f8cc7515e6596701ef47070c1?s=96&d=mm&r=g","url":"https:\/\/secure.gravatar.com\/avatar\/51177c70f63e49dabbe11806d6d8690243e3e46f8cc7515e6596701ef47070c1?s=96&d=mm&r=g","contentUrl":"https:\/\/secure.gravatar.com\/avatar\/51177c70f63e49dabbe11806d6d8690243e3e46f8cc7515e6596701ef47070c1?s=96&d=mm&r=g","caption":"Admin Ideaseven"},"url":"https:\/\/fundatia-alexandrion.ro\/en\/author\/idea7dev\/"}]}},"_links":{"self":[{"href":"https:\/\/fundatia-alexandrion.ro\/en\/wp-json\/wp\/v2\/posts\/5431","targetHints":{"allow":["GET"]}}],"collection":[{"href":"https:\/\/fundatia-alexandrion.ro\/en\/wp-json\/wp\/v2\/posts"}],"about":[{"href":"https:\/\/fundatia-alexandrion.ro\/en\/wp-json\/wp\/v2\/types\/post"}],"author":[{"embeddable":true,"href":"https:\/\/fundatia-alexandrion.ro\/en\/wp-json\/wp\/v2\/users\/9"}],"replies":[{"embeddable":true,"href":"https:\/\/fundatia-alexandrion.ro\/en\/wp-json\/wp\/v2\/comments?post=5431"}],"version-history":[{"count":5,"href":"https:\/\/fundatia-alexandrion.ro\/en\/wp-json\/wp\/v2\/posts\/5431\/revisions"}],"predecessor-version":[{"id":5439,"href":"https:\/\/fundatia-alexandrion.ro\/en\/wp-json\/wp\/v2\/posts\/5431\/revisions\/5439"}],"wp:featuredmedia":[{"embeddable":true,"href":"https:\/\/fundatia-alexandrion.ro\/en\/wp-json\/wp\/v2\/media\/5422"}],"wp:attachment":[{"href":"https:\/\/fundatia-alexandrion.ro\/en\/wp-json\/wp\/v2\/media?parent=5431"}],"wp:term":[{"taxonomy":"category","embeddable":true,"href":"https:\/\/fundatia-alexandrion.ro\/en\/wp-json\/wp\/v2\/categories?post=5431"},{"taxonomy":"post_tag","embeddable":true,"href":"https:\/\/fundatia-alexandrion.ro\/en\/wp-json\/wp\/v2\/tags?post=5431"}],"curies":[{"name":"wp","href":"https:\/\/api.w.org\/{rel}","templated":true}]}}